{"id":469,"date":"2024-06-28T09:00:00","date_gmt":"2024-06-28T07:00:00","guid":{"rendered":"https:\/\/www.ernstl.io\/diablo3\/?p=469"},"modified":"2025-01-30T00:28:24","modified_gmt":"2025-01-29T23:28:24","slug":"saison-32-aetherische-erinnerung","status":"publish","type":"post","link":"https:\/\/www.ernstl.io\/diablo3\/saison-32-aetherische-erinnerung\/","title":{"rendered":"Saison 32: \u00c4therische Erinnerung"},"content":{"rendered":"\n<p>Antwortet in Saison 32: \u00c4therische Erinnerung auf Sanktuarios Ruf nach Hilfe. Ab dem&nbsp;<strong>12. Juli um 17:00 Uhr UTC\/MESZ\/KST<\/strong>&nbsp;k\u00f6nnen Nephalem die Macht des Saisonthemas &#8222;\u00c4therische Erinnerung&#8220; nutzen, das zum ersten Mal in Saison 24 erschien. Lest weiter, um mehr zu erfahren.<\/p>\n\n\n\n<figure class=\"wp-block-image\"><a href=\"https:\/\/bnetcmsus-a.akamaihd.net\/cms\/page_media\/4i\/4I1PWBG7S2DT1719349822495.png\" target=\"_blank\" rel=\"noreferrer noopener\"><img decoding=\"async\" src=\"https:\/\/bnetcmsus-a.akamaihd.net\/cms\/page_media\/4i\/4I1PWBG7S2DT1719349822495.png\" alt=\"\"\/><\/a><\/figure>\n\n\n\n<h2 class=\"wp-block-heading\" id=\"h-saisonthema\">Saisonthema<\/h2>\n\n\n\n<p><em>W\u00e4hrend die Nephalem auf die Geschichte von Sanktuario zur\u00fcckblicken, tauchen Machtinstrumente einer vergangenen \u00c4ra wieder auf. Die \u00e4therischen Erinnerungen werden denjenigen, die hartn\u00e4ckig genug danach suchen, unvorstellbare Macht verleihen. Vergangene Legenden treten erneut in der Gegenwart in Erscheinung und ihr m\u00fcsst entscheiden, wie ihr diese Gaben am besten einsetzt \u2013 denn \u00e4therische Macht ist von Natur aus verg\u00e4nglich und wird schon bald wieder nichts als ein Mythos sein.<\/em><\/p>\n\n\n\n<p>F\u00fcr dieses Saisonthema haben wir uns davon inspirieren lassen, wie \u00e4therische Gegenst\u00e4nde in Diablo III aussehen k\u00f6nnten, und bringen 21 liebgewonnene Waffen aus Diablo II zur\u00fcck. In Saison 32 sind \u00e4therische Gegenst\u00e4nde selten, m\u00e4chtig und von verg\u00e4nglicher Natur.<\/p>\n\n\n\n<p>Saison 32 f\u00fchrt die&nbsp;<strong>\u00e4therischen Gegenst\u00e4nde<\/strong>&nbsp;wieder ein. Dabei handelt es sich um Waffen, die ihr auf eurer bevorstehenden Reise erhalten und jagen k\u00f6nnt. \u00c4therische Gegenst\u00e4nde verf\u00fcgen \u00fcber m\u00e4chtige Affixe, eine zuf\u00e4llige&nbsp;<strong>legend\u00e4re Eigenschaft f\u00fcr Klassenwaffen<\/strong>&nbsp;und eine zuf\u00e4llige&nbsp;<strong>passive Klassenfertigkeit<\/strong>. Sie haben einzigartige Symbole, Namen, Gegenstandstypen und Sounds, die aus dem urspr\u00fcnglichen Diablo II stammen. Weitere Details zu den \u00e4therischen Gegenst\u00e4nden findet ihr in der folgenden Liste:<\/p>\n\n\n\n<ul class=\"wp-block-list\">\n<li>\u00c4therische Gegenst\u00e4nde sind accountgebunden und k\u00f6nnen nur von Monstern, aus Truhen und aus zerst\u00f6rbaren Objekten erhalten werden. Ihr m\u00fcsst aber nicht Stufe 70 sein, um sie finden zu k\u00f6nnen. \u00c4therische Gegenst\u00e4nde k\u00f6nnen nicht aus Kanais W\u00fcrfel oder von Kadala erhalten werden.<\/li>\n\n\n\n<li>Die Beuterate von \u00e4therischen Gegenst\u00e4nden ist zwischen uralten und archaischen Gegenst\u00e4nden angesiedelt.<\/li>\n\n\n\n<li>Pro Klasse gibt es drei einzigartige \u00e4therische Gegenst\u00e4nde. Jeder \u00e4therische Gegenstand verf\u00fcgt \u00fcber festgelegte Affixe sowie eine zuf\u00e4llige legend\u00e4re Waffeneigenschaft und eine zuf\u00e4llige passive Klassenfertigkeit.<\/li>\n\n\n\n<li>Es kann immer nur jeweils ein \u00e4therischer Gegenstand ausger\u00fcstet sein.<\/li>\n\n\n\n<li>\u00c4therische Gegenst\u00e4nde verlieren nicht an Haltbarkeit.<\/li>\n\n\n\n<li>Legend\u00e4re Eigenschaften und passive Klassenfertigkeiten von \u00e4therischen Gegenst\u00e4nden k\u00f6nnen nicht mit derselben Macht gestapelt werden, die aus Kanais W\u00fcrfel oder von Gegenst\u00e4nden und Fertigkeiten stammt.<\/li>\n\n\n\n<li>\u00c4therische Gegenst\u00e4nde k\u00f6nnen nicht verzaubert, transmogrifiziert, gef\u00e4rbt, umgeschmiedet oder gehandelt werden.<\/li>\n\n\n\n<li>\u00c4therische Gegenst\u00e4nde k\u00f6nnen verst\u00e4rkt werden.<\/li>\n\n\n\n<li>Wenn ihr w\u00e4hrend der Saison alle 21 \u00e4therischen Gegenst\u00e4nde sammelt, erhaltet ihr als Belohnung die Heldentat &#8222;\u00c4therische Erinnerung&#8220;. Spieler, die diese Heldentat vollbringen, k\u00f6nnen in Zukunft mit ihren saisonalen und nicht-saisonalen Helden alle \u00e4therischen Transmogrifikationsoptionen nutzen.<\/li>\n\n\n\n<li>\u00c4therische Gegenst\u00e4nde werden nur w\u00e4hrend eines saisonalen Spiels fallen gelassen und k\u00f6nnen nach Ende der Saison nicht auf nicht saisonale Charaktere \u00fcbertragen werden.<\/li>\n<\/ul>\n\n\n\n<p><a href=\"https:\/\/news.blizzard.com\/de-de\/diablo3\/24104599\/saison-32-atherische-erinnerung-jetzt-live#Journey\">Zur\u00fcck nach oben<\/a><\/p>\n\n\n\n<hr class=\"wp-block-separator has-alpha-channel-opacity\"\/>\n\n\n\n<p><\/p>\n\n\n\n<h2 class=\"wp-block-heading\" id=\"h-kosmetische-saisonbelohnungen\">Kosmetische Saisonbelohnungen<\/h2>\n\n\n\n<p>Mit Saison 17 haben wir damit angefangen, fr\u00fchere Saisonbelohnungen wieder einzuf\u00fchren, um sie f\u00fcr Spieler verf\u00fcgbar zu machen, die sie vielleicht beim ersten Mal verpasst haben. F\u00fcr Saison 32 bedeutet das, dass urspr\u00fcnglich in Saison 8 erh\u00e4ltliche Belohnungen in die Saisonreise zur\u00fcckkehren.<\/p>\n\n\n\n<figure class=\"wp-block-image\"><a href=\"https:\/\/bnetcmsus-a.akamaihd.net\/cms\/gallery\/xu\/XUT1IQPLZXZU1476135047086.jpg\" target=\"_blank\" rel=\"noreferrer noopener\"><img decoding=\"async\" src=\"https:\/\/bnetcmsus-a.akamaihd.net\/cms\/gallery\/xu\/XUT1IQPLZXZU1476135047086.jpg\" alt=\"\"\/><\/a><\/figure>\n\n\n\n<p>Wir wissen aber, dass neue Ziele willkommen sind, wenn man an vorherigen Saisons teilgenommen hat. Wir bieten weiterhin neue Belohnungen zum Ende der Reise, wie wir sie in Saison 17 eingef\u00fchrt haben \u2013 mit&nbsp;<strong>zwei neuen kosmetischen Belohnungen<\/strong>&nbsp;f\u00fcr diejenigen, die die gesamte Saisonreise abschlie\u00dfen. Bestaunt den&nbsp;<strong>Portr\u00e4trahmen &#8222;Krieger von Teganze&#8220;<\/strong>&nbsp;und den&nbsp;<strong>Fledermausgef\u00e4hrten<\/strong>!<\/p>\n\n\n\n<figure class=\"wp-block-image\"><a href=\"https:\/\/bnetcmsus-a.akamaihd.net\/cms\/gallery\/I5KRYW9KIM3X1582849824760.gif\" target=\"_blank\" rel=\"noreferrer noopener\"><img decoding=\"async\" src=\"https:\/\/bnetcmsus-a.akamaihd.net\/cms\/gallery\/I5KRYW9KIM3X1582849824760.gif\" alt=\"\"\/><\/a><\/figure>\n\n\n\n<p>Zus\u00e4tzlich zu den Stiefeln und Hosen des exklusiven Eroberer-Sets k\u00f6nnt ihr auch eine Reihe an Portr\u00e4trahmen erhalten, die von d\u00e4monischen Feuern der Brennenden H\u00f6llen umh\u00fcllt sind. Andariels legend\u00e4re Fl\u00fcgel sind ebenfalls erneut erh\u00e4ltlich, sodass ihr euch ganz wie die Herrin der Qual f\u00fchlen k\u00f6nnt.<\/p>\n\n\n\n<p><a href=\"https:\/\/news.blizzard.com\/de-de\/diablo3\/24104599\/saison-32-atherische-erinnerung-jetzt-live#Journey\">Zur\u00fcck nach oben<\/a><\/p>\n\n\n\n<hr class=\"wp-block-separator has-alpha-channel-opacity\"\/>\n\n\n\n<p><\/p>\n\n\n\n<h2 class=\"wp-block-heading\" id=\"h-saisonreisebelohnungen\">Saisonreisebelohnungen<\/h2>\n\n\n\n<p>Wenn ihr \u00fcber die vergangenen Saisons flei\u00dfig D\u00e4monen get\u00f6tet habt und in der Saisonreise jedes Mal Eroberer erreicht habt, habt ihr sicher auch ein paar zus\u00e4tzliche Beutetruhenf\u00e4cher gesammelt. Ihr erhaltet jede Saison ein neues Fach, wenn ihr die Eroberer-Stufe erreicht, bis zu maximal f\u00fcnf:<\/p>\n\n\n\n<ul class=\"wp-block-list\">\n<li><strong>W\u00e4chter von Sanktuario:<\/strong>&nbsp;Beendet ein Nephalemportal auf Stufe 70 innerhalb von 5 Minuten auf der Schwierigkeitsstufe &#8222;Qual XIII&#8220;.<\/li>\n\n\n\n<li><strong>Kleinod macht erfinderisch:<\/strong>&nbsp;Wertet drei legend\u00e4re Edelsteine auf Stufe 55 auf.<\/li>\n\n\n\n<li><strong>Abr\u00e4umer:<\/strong>&nbsp;Schlie\u00dft zwei Errungenschaften in dieser Saison ab.<\/li>\n\n\n\n<li><strong>Warme Gedanken:<\/strong>&nbsp;T\u00f6tet Izual auf Stufe 70 sowie auf der Schwierigkeitsstufe &#8222;Qual XIII\u201c in unter 15 Sekunden.<\/li>\n\n\n\n<li><strong>Wo das Geld noch locker sitzt:<\/strong>&nbsp;T\u00f6tet Gier auf der Schwierigkeitsstufe &#8222;Qual XIII&#8220;. Au\u00dferhalb von Nephalemportalen \u00f6ffnen Schatzgoblins manchmal Portale in das Reich der Sch\u00e4tze.<\/li>\n\n\n\n<li><strong>Immer \u00c4rger mit 60:<\/strong>&nbsp;Erreicht ein Gro\u00dfes Nephalemportal (Solospiel) der Stufe 60. Gro\u00dfe Portalschl\u00fcsselsteine k\u00f6nnen von allen Portalw\u00e4chtern fallen gelassen werden.<\/li>\n\n\n\n<li><strong>Machtinfusion:<\/strong>&nbsp;Verwendet Kanais W\u00fcrfel dazu, einen uralten legend\u00e4ren Gegenstand mit einem Edelstein der Stufe 50+ zu verbessern.<\/li>\n\n\n\n<li><strong>Kubische Rekonfiguration:<\/strong>&nbsp;Verwendet Kanais W\u00fcrfel dazu, einen legend\u00e4ren Gegenstand umzuwandeln.<\/li>\n<\/ul>\n\n\n\n<p><a href=\"https:\/\/news.blizzard.com\/de-de\/diablo3\/24104599\/saison-32-atherische-erinnerung-jetzt-live#Journey\">Zur\u00fcck nach oben<\/a><\/p>\n\n\n\n<hr class=\"wp-block-separator has-alpha-channel-opacity\"\/>\n\n\n\n<p><\/p>\n\n\n\n<h2 class=\"wp-block-heading\" id=\"h-saisonale-errungenschaft\">Saisonale Errungenschaft<\/h2>\n\n\n\n<p>Ihr wollt euren Schlachtplan f\u00fcr Saison 32 ausarbeiten? Diese Herausforderungen warten auf euch!<\/p>\n\n\n\n<p>W\u00e4hlt f\u00fcr&nbsp;<strong>Verflucht und zugen\u00e4ht\/Wer h\u00e4tte das gedacht<\/strong>&nbsp;ein Ereignis bei verfluchten Truhen, bei dem man Monster t\u00f6ten muss, und besiegt 350 oder mehr auf Stufe 70 auf der Schwierigkeitsstufe &#8222;Qual X&#8220; oder h\u00f6her. K\u00e4mpft euch auf Stufe 75 des gro\u00dfen Nephalemportals vor, um&nbsp;<strong>Einfach g\u00f6ttlich\/Herz eines L\u00f6wen<\/strong>&nbsp;abzuschlie\u00dfen.&nbsp;<strong>Bossmodus\/Eine Klasse f\u00fcr sich<\/strong>&nbsp;ist eine Geschwindigkeitsherausforderung f\u00fcr die erbittertsten D\u00e4monenschl\u00e4chter, in der ihr die folgenden Bosse auf Stufe 70 auf der Schwierigkeitsstufe &#8222;Qual X&#8220; in unter zwanzig Minuten erledigen m\u00fcsst:<\/p>\n\n\n\n<ul class=\"wp-block-list\">\n<li>Der Skelettk\u00f6nig<\/li>\n\n\n\n<li>Schl\u00e4chter<\/li>\n\n\n\n<li>Zoltun Kull<\/li>\n\n\n\n<li>Ghom<\/li>\n\n\n\n<li>Cydaea<\/li>\n\n\n\n<li>Rakanoth<\/li>\n\n\n\n<li>Diablo<\/li>\n\n\n\n<li>Adria<\/li>\n\n\n\n<li>K\u00f6nigin Araneae<\/li>\n\n\n\n<li>Maghda<\/li>\n\n\n\n<li>Belial<\/li>\n\n\n\n<li>Belagerungsbrecherbestie<\/li>\n\n\n\n<li>Azmodan<\/li>\n\n\n\n<li>Izual<\/li>\n\n\n\n<li>Urzael<\/li>\n\n\n\n<li>Malthael<\/li>\n<\/ul>\n\n\n\n<p><strong>Portalomanie\/Dynastie<\/strong>&nbsp;stellen schlie\u00dflich diejenigen auf die Probe, die es lieben, verschiedene Klassensets zu meistern. Als w\u00e4re das nicht schon genug, fordern wir auch noch euer taktisches Verst\u00e4ndnis von Setportalen mit&nbsp;<strong>Meister aller Klassen\/Spiel, Set und Sieg<\/strong>.<\/p>\n\n\n\n<p><a href=\"https:\/\/news.blizzard.com\/de-de\/diablo3\/24104599\/saison-32-atherische-erinnerung-jetzt-live#Journey\">Zur\u00fcck nach oben<\/a><\/p>\n\n\n\n<hr class=\"wp-block-separator has-alpha-channel-opacity\"\/>\n\n\n\n<p><\/p>\n\n\n\n<h2 class=\"wp-block-heading\" id=\"h-haedrigs-geschenk\">Haedrigs Geschenk<\/h2>\n\n\n\n<p>Und die Klassensets, die es f\u00fcr den Abschluss bestimmter Kapitel der Saisonreise dank Haedrigs Geschenk gibt, haben sich wieder ge\u00e4ndert. Wir haben die verf\u00fcgbaren Sets unten angef\u00fchrt. F\u00fcr alle, f\u00fcr die Saisons neu sind, es funktioniert so:<\/p>\n\n\n\n<p>Der Abschluss der Kapitel 2, 3 und 4 der Saisonreise bringt euch als Belohnung drei von Haedrigs Geschenken. Jedes Geschenk enth\u00e4lt einige Teile von einem eurer Klassensets. Spieler k\u00f6nnen auf diese Weise \u00fcbergreifend f\u00fcr Hardcore-Modus und Nicht-Hardcore-Modus pro Saison nur ein Klassenset freischalten, w\u00e4hlt also weise!<\/p>\n\n\n\n<p>Das Set, das ihr erhaltet, h\u00e4ngt von der Klasse des Charakters ab, den ihr spielt, wenn ihr jedes von Haedrigs Geschenken \u00f6ffnet. Um ein vollst\u00e4ndiges Klassenset zu sammeln, m\u00fcsst ihr also alle drei mit demselben Charakter \u00f6ffnen.<\/p>\n\n\n\n<p>Hier sind die von Haedrigs Geschenk in Saison 32 verliehenen Sets:<\/p>\n\n\n\n<ul class=\"wp-block-list\">\n<li><strong>Barbar<\/strong>: Ruf des unsterblichen K\u00f6nigs<\/li>\n\n\n\n<li><strong>Kreuzritter<\/strong>: Sucher des Lichts<\/li>\n\n\n\n<li><strong>D\u00e4monenj\u00e4ger<\/strong>: Natalyas Rache<\/li>\n\n\n\n<li><strong>M\u00f6nch<\/strong>: Ulianas List<\/li>\n\n\n\n<li><strong>Totenbeschw\u00f6rer<\/strong>: Avatar des Trag&#8217;Oul<\/li>\n\n\n\n<li><strong>Hexendoktor<\/strong>: Geist von Arachyr<\/li>\n\n\n\n<li><strong>Zauberer<\/strong>: Vyrs verbl\u00fcffende Arcana<\/li>\n<\/ul>\n\n\n\n<figure class=\"wp-block-image\"><a href=\"https:\/\/bnetcmsus-a.akamaihd.net\/cms\/gallery\/FR7QKQEOKHM61545100720429.jpg\" target=\"_blank\" rel=\"noreferrer noopener\"><img decoding=\"async\" src=\"https:\/\/bnetcmsus-a.akamaihd.net\/cms\/gallery\/FR7QKQEOKHM61545100720429.jpg\" alt=\"\"\/><\/a><\/figure>\n\n\n\n<div class=\"wp-block-group\"><div class=\"wp-block-group__inner-container is-layout-constrained wp-block-group-is-layout-constrained\">\n<p class=\"has-text-align-right has-small-font-size\"><a href=\"#\">nach oben<\/a><\/p>\n\n\n\n<hr class=\"wp-block-separator has-text-color has-cyan-bluish-gray-color has-alpha-channel-opacity has-cyan-bluish-gray-background-color has-background is-style-wide\"\/>\n<\/div><\/div>\n\n\n\n<p class=\"has-text-align-right has-small-font-size\"><em>Quelle: <a href=\"http:\/\/blizzard.com\" target=\"_blank\" rel=\"noreferrer noopener\">blizzard.com<\/a><\/em><\/p>\n","protected":false},"excerpt":{"rendered":"<p>Saison 32: \u00c4therische Erinnerung auf Sanktuarios Ruf nach Hilfe. Ab dem 12. Juli um 17:00 Uhr UTC\/MESZ\/KST nutzt die Macht!<span class=\"more-link\"><a href=\"https:\/\/www.ernstl.io\/diablo3\/saison-32-aetherische-erinnerung\/\">weiterlesen \u2192<\/a><\/span><\/p>\n","protected":false},"author":1,"featured_media":475,"comment_status":"open","ping_status":"open","sticky":false,"template":"","format":"standard","meta":{"_uag_custom_page_level_css":"","footnotes":""},"categories":[1],"tags":[],"class_list":["entry","author-ernstl","has-excerpt","post-469","post","type-post","status-publish","format-standard","has-post-thumbnail","category-allgemein"],"yoast_head":"<!-- This site is optimized with the Yoast SEO Premium plugin v27.0 (Yoast SEO v27.5) - https:\/\/yoast.com\/product\/yoast-seo-premium-wordpress\/ -->\n<title>Saison 32: \u00c4therische Erinnerung - Diablo 3<\/title>\n<meta name=\"description\" content=\"Saison 32: \u00c4therische Erinnerung auf Sanktuarios Ruf nach Hilfe. Ab dem 12. Juli um 17:00 Uhr UTC\/MESZ\/KST nutzt die Macht!\" \/>\n<meta name=\"robots\" content=\"index, follow, max-snippet:-1, max-image-preview:large, max-video-preview:-1\" \/>\n<link rel=\"canonical\" href=\"https:\/\/www.ernstl.io\/diablo3\/saison-32-aetherische-erinnerung\/\" \/>\n<meta property=\"og:locale\" content=\"de_DE\" \/>\n<meta property=\"og:type\" content=\"article\" \/>\n<meta property=\"og:title\" content=\"Saison 32: \u00c4therische Erinnerung\" \/>\n<meta property=\"og:description\" content=\"Saison 32: \u00c4therische Erinnerung auf Sanktuarios Ruf nach Hilfe. Ab dem 12. Juli um 17:00 Uhr UTC\/MESZ\/KST nutzt die Macht!\" \/>\n<meta property=\"og:url\" content=\"https:\/\/www.ernstl.io\/diablo3\/saison-32-aetherische-erinnerung\/\" \/>\n<meta property=\"og:site_name\" content=\"Diablo 3\" \/>\n<meta property=\"article:published_time\" content=\"2024-06-28T07:00:00+00:00\" \/>\n<meta property=\"article:modified_time\" content=\"2025-01-29T23:28:24+00:00\" \/>\n<meta property=\"og:image\" content=\"https:\/\/www.ernstl.io\/diablo3\/wp-content\/uploads\/sites\/3\/2024\/06\/VNYPI38CJG3Y1719524755500.jpg\" \/>\n\t<meta property=\"og:image:width\" content=\"1520\" \/>\n\t<meta property=\"og:image:height\" content=\"540\" \/>\n\t<meta property=\"og:image:type\" content=\"image\/jpeg\" \/>\n<meta name=\"author\" content=\"eRnstl\" \/>\n<meta name=\"twitter:card\" content=\"summary_large_image\" \/>\n<meta name=\"twitter:label1\" content=\"Verfasst von\" \/>\n\t<meta name=\"twitter:data1\" content=\"eRnstl\" \/>\n\t<meta name=\"twitter:label2\" content=\"Gesch\u00e4tzte Lesezeit\" \/>\n\t<meta name=\"twitter:data2\" content=\"21\u00a0Minuten\" \/>\n<script type=\"application\/ld+json\" class=\"yoast-schema-graph\">{\"@context\":\"https:\\\/\\\/schema.org\",\"@graph\":[{\"@type\":\"Article\",\"@id\":\"https:\\\/\\\/www.ernstl.io\\\/diablo3\\\/saison-32-aetherische-erinnerung\\\/#article\",\"isPartOf\":{\"@id\":\"https:\\\/\\\/www.ernstl.io\\\/diablo3\\\/saison-32-aetherische-erinnerung\\\/\"},\"author\":{\"name\":\"eRnstl\",\"@id\":\"https:\\\/\\\/www.ernstl.io\\\/diablo3\\\/#\\\/schema\\\/person\\\/58c4d78b3f8c1018d88272e2efe702b4\"},\"headline\":\"Saison 32: \u00c4therische Erinnerung\",\"datePublished\":\"2024-06-28T07:00:00+00:00\",\"dateModified\":\"2025-01-29T23:28:24+00:00\",\"mainEntityOfPage\":{\"@id\":\"https:\\\/\\\/www.ernstl.io\\\/diablo3\\\/saison-32-aetherische-erinnerung\\\/\"},\"wordCount\":1206,\"commentCount\":0,\"publisher\":{\"@id\":\"https:\\\/\\\/www.ernstl.io\\\/diablo3\\\/#organization\"},\"image\":{\"@id\":\"https:\\\/\\\/www.ernstl.io\\\/diablo3\\\/saison-32-aetherische-erinnerung\\\/#primaryimage\"},\"thumbnailUrl\":\"https:\\\/\\\/www.ernstl.io\\\/diablo3\\\/wp-content\\\/uploads\\\/sites\\\/3\\\/2024\\\/06\\\/VNYPI38CJG3Y1719524755500.jpg\",\"inLanguage\":\"de\",\"potentialAction\":[{\"@type\":\"CommentAction\",\"name\":\"Comment\",\"target\":[\"https:\\\/\\\/www.ernstl.io\\\/diablo3\\\/saison-32-aetherische-erinnerung\\\/#respond\"]}]},{\"@type\":\"WebPage\",\"@id\":\"https:\\\/\\\/www.ernstl.io\\\/diablo3\\\/saison-32-aetherische-erinnerung\\\/\",\"url\":\"https:\\\/\\\/www.ernstl.io\\\/diablo3\\\/saison-32-aetherische-erinnerung\\\/\",\"name\":\"Saison 32: \u00c4therische Erinnerung - Diablo 3\",\"isPartOf\":{\"@id\":\"https:\\\/\\\/www.ernstl.io\\\/diablo3\\\/#website\"},\"primaryImageOfPage\":{\"@id\":\"https:\\\/\\\/www.ernstl.io\\\/diablo3\\\/saison-32-aetherische-erinnerung\\\/#primaryimage\"},\"image\":{\"@id\":\"https:\\\/\\\/www.ernstl.io\\\/diablo3\\\/saison-32-aetherische-erinnerung\\\/#primaryimage\"},\"thumbnailUrl\":\"https:\\\/\\\/www.ernstl.io\\\/diablo3\\\/wp-content\\\/uploads\\\/sites\\\/3\\\/2024\\\/06\\\/VNYPI38CJG3Y1719524755500.jpg\",\"datePublished\":\"2024-06-28T07:00:00+00:00\",\"dateModified\":\"2025-01-29T23:28:24+00:00\",\"description\":\"Saison 32: \u00c4therische Erinnerung auf Sanktuarios Ruf nach Hilfe. Ab dem 12. Juli um 17:00 Uhr UTC\\\/MESZ\\\/KST nutzt die Macht!\",\"breadcrumb\":{\"@id\":\"https:\\\/\\\/www.ernstl.io\\\/diablo3\\\/saison-32-aetherische-erinnerung\\\/#breadcrumb\"},\"inLanguage\":\"de\",\"potentialAction\":[{\"@type\":\"ReadAction\",\"target\":[\"https:\\\/\\\/www.ernstl.io\\\/diablo3\\\/saison-32-aetherische-erinnerung\\\/\"]}]},{\"@type\":\"ImageObject\",\"inLanguage\":\"de\",\"@id\":\"https:\\\/\\\/www.ernstl.io\\\/diablo3\\\/saison-32-aetherische-erinnerung\\\/#primaryimage\",\"url\":\"https:\\\/\\\/www.ernstl.io\\\/diablo3\\\/wp-content\\\/uploads\\\/sites\\\/3\\\/2024\\\/06\\\/VNYPI38CJG3Y1719524755500.jpg\",\"contentUrl\":\"https:\\\/\\\/www.ernstl.io\\\/diablo3\\\/wp-content\\\/uploads\\\/sites\\\/3\\\/2024\\\/06\\\/VNYPI38CJG3Y1719524755500.jpg\",\"width\":1520,\"height\":540},{\"@type\":\"BreadcrumbList\",\"@id\":\"https:\\\/\\\/www.ernstl.io\\\/diablo3\\\/saison-32-aetherische-erinnerung\\\/#breadcrumb\",\"itemListElement\":[{\"@type\":\"ListItem\",\"position\":1,\"name\":\"Startseite\",\"item\":\"https:\\\/\\\/www.ernstl.io\\\/diablo3\\\/\"},{\"@type\":\"ListItem\",\"position\":2,\"name\":\"Saison 32: \u00c4therische Erinnerung\"}]},{\"@type\":\"WebSite\",\"@id\":\"https:\\\/\\\/www.ernstl.io\\\/diablo3\\\/#website\",\"url\":\"https:\\\/\\\/www.ernstl.io\\\/diablo3\\\/\",\"name\":\"Diablo 3\",\"description\":\"In der H\u00f6lle ist jeder Willkommen\",\"publisher\":{\"@id\":\"https:\\\/\\\/www.ernstl.io\\\/diablo3\\\/#organization\"},\"potentialAction\":[{\"@type\":\"SearchAction\",\"target\":{\"@type\":\"EntryPoint\",\"urlTemplate\":\"https:\\\/\\\/www.ernstl.io\\\/diablo3\\\/?s={search_term_string}\"},\"query-input\":{\"@type\":\"PropertyValueSpecification\",\"valueRequired\":true,\"valueName\":\"search_term_string\"}}],\"inLanguage\":\"de\"},{\"@type\":\"Organization\",\"@id\":\"https:\\\/\\\/www.ernstl.io\\\/diablo3\\\/#organization\",\"name\":\"Diablo 3\",\"url\":\"https:\\\/\\\/www.ernstl.io\\\/diablo3\\\/\",\"logo\":{\"@type\":\"ImageObject\",\"inLanguage\":\"de\",\"@id\":\"https:\\\/\\\/www.ernstl.io\\\/diablo3\\\/#\\\/schema\\\/logo\\\/image\\\/\",\"url\":\"https:\\\/\\\/www.ernstl.io\\\/diablo3\\\/wp-content\\\/uploads\\\/sites\\\/3\\\/2022\\\/09\\\/diablo-iii.png\",\"contentUrl\":\"https:\\\/\\\/www.ernstl.io\\\/diablo3\\\/wp-content\\\/uploads\\\/sites\\\/3\\\/2022\\\/09\\\/diablo-iii.png\",\"width\":512,\"height\":512,\"caption\":\"Diablo 3\"},\"image\":{\"@id\":\"https:\\\/\\\/www.ernstl.io\\\/diablo3\\\/#\\\/schema\\\/logo\\\/image\\\/\"}},{\"@type\":\"Person\",\"@id\":\"https:\\\/\\\/www.ernstl.io\\\/diablo3\\\/#\\\/schema\\\/person\\\/58c4d78b3f8c1018d88272e2efe702b4\",\"name\":\"eRnstl\",\"image\":{\"@type\":\"ImageObject\",\"inLanguage\":\"de\",\"@id\":\"https:\\\/\\\/secure.gravatar.com\\\/avatar\\\/5698a186f59917cbc3dad5f391a7eb88c8709f1fcc04c0616c21497b3d529aa1?s=96&d=mm&r=g\",\"url\":\"https:\\\/\\\/secure.gravatar.com\\\/avatar\\\/5698a186f59917cbc3dad5f391a7eb88c8709f1fcc04c0616c21497b3d529aa1?s=96&d=mm&r=g\",\"contentUrl\":\"https:\\\/\\\/secure.gravatar.com\\\/avatar\\\/5698a186f59917cbc3dad5f391a7eb88c8709f1fcc04c0616c21497b3d529aa1?s=96&d=mm&r=g\",\"caption\":\"eRnstl\"},\"sameAs\":[\"https:\\\/\\\/ernstl.io\"],\"url\":\"https:\\\/\\\/www.ernstl.io\\\/diablo3\\\/author\\\/ernstl\\\/\"}]}<\/script>\n<!-- \/ Yoast SEO Premium plugin. -->","yoast_head_json":{"title":"Saison 32: \u00c4therische Erinnerung - Diablo 3","description":"Saison 32: \u00c4therische Erinnerung auf Sanktuarios Ruf nach Hilfe. Ab dem 12. Juli um 17:00 Uhr UTC\/MESZ\/KST nutzt die Macht!","robots":{"index":"index","follow":"follow","max-snippet":"max-snippet:-1","max-image-preview":"max-image-preview:large","max-video-preview":"max-video-preview:-1"},"canonical":"https:\/\/www.ernstl.io\/diablo3\/saison-32-aetherische-erinnerung\/","og_locale":"de_DE","og_type":"article","og_title":"Saison 32: \u00c4therische Erinnerung","og_description":"Saison 32: \u00c4therische Erinnerung auf Sanktuarios Ruf nach Hilfe. Ab dem 12. Juli um 17:00 Uhr UTC\/MESZ\/KST nutzt die Macht!","og_url":"https:\/\/www.ernstl.io\/diablo3\/saison-32-aetherische-erinnerung\/","og_site_name":"Diablo 3","article_published_time":"2024-06-28T07:00:00+00:00","article_modified_time":"2025-01-29T23:28:24+00:00","og_image":[{"width":1520,"height":540,"url":"https:\/\/www.ernstl.io\/diablo3\/wp-content\/uploads\/sites\/3\/2024\/06\/VNYPI38CJG3Y1719524755500.jpg","type":"image\/jpeg"}],"author":"eRnstl","twitter_card":"summary_large_image","twitter_misc":{"Verfasst von":"eRnstl","Gesch\u00e4tzte Lesezeit":"21\u00a0Minuten"},"schema":{"@context":"https:\/\/schema.org","@graph":[{"@type":"Article","@id":"https:\/\/www.ernstl.io\/diablo3\/saison-32-aetherische-erinnerung\/#article","isPartOf":{"@id":"https:\/\/www.ernstl.io\/diablo3\/saison-32-aetherische-erinnerung\/"},"author":{"name":"eRnstl","@id":"https:\/\/www.ernstl.io\/diablo3\/#\/schema\/person\/58c4d78b3f8c1018d88272e2efe702b4"},"headline":"Saison 32: \u00c4therische Erinnerung","datePublished":"2024-06-28T07:00:00+00:00","dateModified":"2025-01-29T23:28:24+00:00","mainEntityOfPage":{"@id":"https:\/\/www.ernstl.io\/diablo3\/saison-32-aetherische-erinnerung\/"},"wordCount":1206,"commentCount":0,"publisher":{"@id":"https:\/\/www.ernstl.io\/diablo3\/#organization"},"image":{"@id":"https:\/\/www.ernstl.io\/diablo3\/saison-32-aetherische-erinnerung\/#primaryimage"},"thumbnailUrl":"https:\/\/www.ernstl.io\/diablo3\/wp-content\/uploads\/sites\/3\/2024\/06\/VNYPI38CJG3Y1719524755500.jpg","inLanguage":"de","potentialAction":[{"@type":"CommentAction","name":"Comment","target":["https:\/\/www.ernstl.io\/diablo3\/saison-32-aetherische-erinnerung\/#respond"]}]},{"@type":"WebPage","@id":"https:\/\/www.ernstl.io\/diablo3\/saison-32-aetherische-erinnerung\/","url":"https:\/\/www.ernstl.io\/diablo3\/saison-32-aetherische-erinnerung\/","name":"Saison 32: \u00c4therische Erinnerung - Diablo 3","isPartOf":{"@id":"https:\/\/www.ernstl.io\/diablo3\/#website"},"primaryImageOfPage":{"@id":"https:\/\/www.ernstl.io\/diablo3\/saison-32-aetherische-erinnerung\/#primaryimage"},"image":{"@id":"https:\/\/www.ernstl.io\/diablo3\/saison-32-aetherische-erinnerung\/#primaryimage"},"thumbnailUrl":"https:\/\/www.ernstl.io\/diablo3\/wp-content\/uploads\/sites\/3\/2024\/06\/VNYPI38CJG3Y1719524755500.jpg","datePublished":"2024-06-28T07:00:00+00:00","dateModified":"2025-01-29T23:28:24+00:00","description":"Saison 32: \u00c4therische Erinnerung auf Sanktuarios Ruf nach Hilfe. Ab dem 12. Juli um 17:00 Uhr UTC\/MESZ\/KST nutzt die Macht!","breadcrumb":{"@id":"https:\/\/www.ernstl.io\/diablo3\/saison-32-aetherische-erinnerung\/#breadcrumb"},"inLanguage":"de","potentialAction":[{"@type":"ReadAction","target":["https:\/\/www.ernstl.io\/diablo3\/saison-32-aetherische-erinnerung\/"]}]},{"@type":"ImageObject","inLanguage":"de","@id":"https:\/\/www.ernstl.io\/diablo3\/saison-32-aetherische-erinnerung\/#primaryimage","url":"https:\/\/www.ernstl.io\/diablo3\/wp-content\/uploads\/sites\/3\/2024\/06\/VNYPI38CJG3Y1719524755500.jpg","contentUrl":"https:\/\/www.ernstl.io\/diablo3\/wp-content\/uploads\/sites\/3\/2024\/06\/VNYPI38CJG3Y1719524755500.jpg","width":1520,"height":540},{"@type":"BreadcrumbList","@id":"https:\/\/www.ernstl.io\/diablo3\/saison-32-aetherische-erinnerung\/#breadcrumb","itemListElement":[{"@type":"ListItem","position":1,"name":"Startseite","item":"https:\/\/www.ernstl.io\/diablo3\/"},{"@type":"ListItem","position":2,"name":"Saison 32: \u00c4therische Erinnerung"}]},{"@type":"WebSite","@id":"https:\/\/www.ernstl.io\/diablo3\/#website","url":"https:\/\/www.ernstl.io\/diablo3\/","name":"Diablo 3","description":"In der H\u00f6lle ist jeder Willkommen","publisher":{"@id":"https:\/\/www.ernstl.io\/diablo3\/#organization"},"potentialAction":[{"@type":"SearchAction","target":{"@type":"EntryPoint","urlTemplate":"https:\/\/www.ernstl.io\/diablo3\/?s={search_term_string}"},"query-input":{"@type":"PropertyValueSpecification","valueRequired":true,"valueName":"search_term_string"}}],"inLanguage":"de"},{"@type":"Organization","@id":"https:\/\/www.ernstl.io\/diablo3\/#organization","name":"Diablo 3","url":"https:\/\/www.ernstl.io\/diablo3\/","logo":{"@type":"ImageObject","inLanguage":"de","@id":"https:\/\/www.ernstl.io\/diablo3\/#\/schema\/logo\/image\/","url":"https:\/\/www.ernstl.io\/diablo3\/wp-content\/uploads\/sites\/3\/2022\/09\/diablo-iii.png","contentUrl":"https:\/\/www.ernstl.io\/diablo3\/wp-content\/uploads\/sites\/3\/2022\/09\/diablo-iii.png","width":512,"height":512,"caption":"Diablo 3"},"image":{"@id":"https:\/\/www.ernstl.io\/diablo3\/#\/schema\/logo\/image\/"}},{"@type":"Person","@id":"https:\/\/www.ernstl.io\/diablo3\/#\/schema\/person\/58c4d78b3f8c1018d88272e2efe702b4","name":"eRnstl","image":{"@type":"ImageObject","inLanguage":"de","@id":"https:\/\/secure.gravatar.com\/avatar\/5698a186f59917cbc3dad5f391a7eb88c8709f1fcc04c0616c21497b3d529aa1?s=96&d=mm&r=g","url":"https:\/\/secure.gravatar.com\/avatar\/5698a186f59917cbc3dad5f391a7eb88c8709f1fcc04c0616c21497b3d529aa1?s=96&d=mm&r=g","contentUrl":"https:\/\/secure.gravatar.com\/avatar\/5698a186f59917cbc3dad5f391a7eb88c8709f1fcc04c0616c21497b3d529aa1?s=96&d=mm&r=g","caption":"eRnstl"},"sameAs":["https:\/\/ernstl.io"],"url":"https:\/\/www.ernstl.io\/diablo3\/author\/ernstl\/"}]}},"uagb_featured_image_src":{"full":["https:\/\/www.ernstl.io\/diablo3\/wp-content\/uploads\/sites\/3\/2024\/06\/VNYPI38CJG3Y1719524755500.jpg",1520,540,false],"thumbnail":["https:\/\/www.ernstl.io\/diablo3\/wp-content\/uploads\/sites\/3\/2024\/06\/VNYPI38CJG3Y1719524755500-150x150.jpg",150,150,true],"medium":["https:\/\/www.ernstl.io\/diablo3\/wp-content\/uploads\/sites\/3\/2024\/06\/VNYPI38CJG3Y1719524755500-300x107.jpg",300,107,true],"medium_large":["https:\/\/www.ernstl.io\/diablo3\/wp-content\/uploads\/sites\/3\/2024\/06\/VNYPI38CJG3Y1719524755500-768x273.jpg",768,273,true],"large":["https:\/\/www.ernstl.io\/diablo3\/wp-content\/uploads\/sites\/3\/2024\/06\/VNYPI38CJG3Y1719524755500-1024x364.jpg",1024,364,true],"1536x1536":["https:\/\/www.ernstl.io\/diablo3\/wp-content\/uploads\/sites\/3\/2024\/06\/VNYPI38CJG3Y1719524755500.jpg",1520,540,false],"2048x2048":["https:\/\/www.ernstl.io\/diablo3\/wp-content\/uploads\/sites\/3\/2024\/06\/VNYPI38CJG3Y1719524755500.jpg",1520,540,false],"hoot-medium-thumb":["https:\/\/www.ernstl.io\/diablo3\/wp-content\/uploads\/sites\/3\/2024\/06\/VNYPI38CJG3Y1719524755500-460x270.jpg",460,270,true],"hoot-preview":["https:\/\/www.ernstl.io\/diablo3\/wp-content\/uploads\/sites\/3\/2024\/06\/VNYPI38CJG3Y1719524755500-465x165.jpg",465,165,true],"hoot-preview-thumb":["https:\/\/www.ernstl.io\/diablo3\/wp-content\/uploads\/sites\/3\/2024\/06\/VNYPI38CJG3Y1719524755500-465x540.jpg",465,540,true],"hoot-large-thumb":["https:\/\/www.ernstl.io\/diablo3\/wp-content\/uploads\/sites\/3\/2024\/06\/VNYPI38CJG3Y1719524755500-690x500.jpg",690,500,true],"hoot-preview-large":["https:\/\/www.ernstl.io\/diablo3\/wp-content\/uploads\/sites\/3\/2024\/06\/VNYPI38CJG3Y1719524755500-695x247.jpg",695,247,true],"hoot-wide-thumb":["https:\/\/www.ernstl.io\/diablo3\/wp-content\/uploads\/sites\/3\/2024\/06\/VNYPI38CJG3Y1719524755500-920x425.jpg",920,425,true],"hoot-extra-wide-thumb":["https:\/\/www.ernstl.io\/diablo3\/wp-content\/uploads\/sites\/3\/2024\/06\/VNYPI38CJG3Y1719524755500-1035x425.jpg",1035,425,true]},"uagb_author_info":{"display_name":"eRnstl","author_link":"https:\/\/www.ernstl.io\/diablo3\/author\/ernstl\/"},"uagb_comment_info":0,"uagb_excerpt":"Saison 32: \u00c4therische Erinnerung auf Sanktuarios Ruf nach Hilfe. Ab dem 12. Juli um 17:00 Uhr UTC\/MESZ\/KST nutzt die Macht!weiterlesen \u2192","_links":{"self":[{"href":"https:\/\/www.ernstl.io\/diablo3\/wp-json\/wp\/v2\/posts\/469","targetHints":{"allow":["GET"]}}],"collection":[{"href":"https:\/\/www.ernstl.io\/diablo3\/wp-json\/wp\/v2\/posts"}],"about":[{"href":"https:\/\/www.ernstl.io\/diablo3\/wp-json\/wp\/v2\/types\/post"}],"author":[{"embeddable":true,"href":"https:\/\/www.ernstl.io\/diablo3\/wp-json\/wp\/v2\/users\/1"}],"replies":[{"embeddable":true,"href":"https:\/\/www.ernstl.io\/diablo3\/wp-json\/wp\/v2\/comments?post=469"}],"version-history":[{"count":4,"href":"https:\/\/www.ernstl.io\/diablo3\/wp-json\/wp\/v2\/posts\/469\/revisions"}],"predecessor-version":[{"id":496,"href":"https:\/\/www.ernstl.io\/diablo3\/wp-json\/wp\/v2\/posts\/469\/revisions\/496"}],"wp:featuredmedia":[{"embeddable":true,"href":"https:\/\/www.ernstl.io\/diablo3\/wp-json\/wp\/v2\/media\/475"}],"wp:attachment":[{"href":"https:\/\/www.ernstl.io\/diablo3\/wp-json\/wp\/v2\/media?parent=469"}],"wp:term":[{"taxonomy":"category","embeddable":true,"href":"https:\/\/www.ernstl.io\/diablo3\/wp-json\/wp\/v2\/categories?post=469"},{"taxonomy":"post_tag","embeddable":true,"href":"https:\/\/www.ernstl.io\/diablo3\/wp-json\/wp\/v2\/tags?post=469"}],"curies":[{"name":"wp","href":"https:\/\/api.w.org\/{rel}","templated":true}]}}